{"id":180,"date":"2024-04-01T17:15:10","date_gmt":"2024-04-01T15:15:10","guid":{"rendered":"https:\/\/phare-richard.fr\/?p=180"},"modified":"2024-04-05T16:14:39","modified_gmt":"2024-04-05T14:14:39","slug":"le-repere-de-nivellement-de-richard","status":"publish","type":"post","link":"https:\/\/phare-richard.fr\/index.php\/2024\/04\/01\/le-repere-de-nivellement-de-richard\/","title":{"rendered":"Le rep\u00e8re de nivellement de Richard"},"content":{"rendered":"\n<h5 class=\"wp-block-heading\"><mark style=\"background-color:rgba(0, 0, 0, 0)\" class=\"has-inline-color has-bright-red-color\">Le saviez-vous?<\/mark><\/h5>\n\n\n\n<p>Avez-vous d\u00e9j\u00e0 remarqu\u00e9 cet objet rond en bas \u00e0 droite de la fa\u00e7ade d&rsquo;entr\u00e9e du phare?<br>Partiellement effac\u00e9 aujourd&rsquo;hui, il s&rsquo;agit d&rsquo;un rep\u00e8re de nivellement mat\u00e9rialisant l&rsquo;altitude du phare de Richard (ici, sous la forme d&rsquo;un rep\u00e8re de type Bourdalou\u00eb).<br>Le rep\u00e8re du Phare de Richard (photo) fait parti d&rsquo;un r\u00e9seau de rep\u00e8res diss\u00e9min\u00e9s sur tout le territoire fran\u00e7ais m\u00e9tropolitain continental appel\u00e9 \u00ab\u00a0NGF &#8211; IGN69\u00a0\u00bb (o\u00f9 le \u00ab\u00a0niveau z\u00e9ro\u00a0\u00bb est d\u00e9termin\u00e9 par le mar\u00e9graphe de Marseille).<br>C&rsquo;est l&rsquo;institut national de l&rsquo;information g\u00e9ographique et foresti\u00e8re (IGN) qui en a la charge depuis 1969.<br>Ces renseignements, s\u2019ils pr\u00e9sentent parfois un int\u00e9r\u00eat esth\u00e9tique et patrimonial, ne sont plus d\u2019actualit\u00e9 dans la plupart des cas. Pour conna\u00eetre le matricule et l\u2019altitude d\u2019un rep\u00e8re de nivellement, il est indispensable de consulter sa fiche signal\u00e9tique sur le site internet de l&rsquo;IGN.<\/p>\n\n\n\n<p>Pour info, le Phare de Richard est \u00e0 : <a href=\"https:\/\/phare-richard.fr\/wp-content\/uploads\/2024\/04\/Repere-de-nivellement-du-Phare-de-Richard.pdf\" target=\"_blank\" rel=\"noreferrer noopener\">3,953 m\u00e8tres d&rsquo;altitude<\/a> !<\/p>\n\n\n<div class=\"wp-block-image\">\n<figure class=\"aligncenter size-large is-resized\"><img loading=\"lazy\" decoding=\"async\" width=\"936\" height=\"1024\" src=\"https:\/\/phare-richard.fr\/wp-content\/uploads\/2024\/04\/Repere-de-nivellement-du-Phare-de-Richard_photo-936x1024.jpg\" alt=\"\" class=\"wp-image-183\" style=\"width:280px;height:auto\" srcset=\"https:\/\/phare-richard.fr\/wp-content\/uploads\/2024\/04\/Repere-de-nivellement-du-Phare-de-Richard_photo-936x1024.jpg 936w, https:\/\/phare-richard.fr\/wp-content\/uploads\/2024\/04\/Repere-de-nivellement-du-Phare-de-Richard_photo-274x300.jpg 274w, https:\/\/phare-richard.fr\/wp-content\/uploads\/2024\/04\/Repere-de-nivellement-du-Phare-de-Richard_photo-768x840.jpg 768w, https:\/\/phare-richard.fr\/wp-content\/uploads\/2024\/04\/Repere-de-nivellement-du-Phare-de-Richard_photo-1405x1536.jpg 1405w, https:\/\/phare-richard.fr\/wp-content\/uploads\/2024\/04\/Repere-de-nivellement-du-Phare-de-Richard_photo-1873x2048.jpg 1873w, https:\/\/phare-richard.fr\/wp-content\/uploads\/2024\/04\/Repere-de-nivellement-du-Phare-de-Richard_photo-1200x1312.jpg 1200w, https:\/\/phare-richard.fr\/wp-content\/uploads\/2024\/04\/Repere-de-nivellement-du-Phare-de-Richard_photo.jpg 2031w\" sizes=\"auto, (max-width: 709px) 85vw, (max-width: 909px) 67vw, (max-width: 1362px) 62vw, 840px\" \/><figcaption class=\"wp-element-caption\">Rep\u00e8re de nivellement du Phare de Richard (de type B &#8211; rep\u00e8re Bourdaloue)<\/figcaption><\/figure>\n<\/div>","protected":false},"excerpt":{"rendered":"<p>Le saviez-vous? Avez-vous d\u00e9j\u00e0 remarqu\u00e9 cet objet rond en bas \u00e0 droite de la fa\u00e7ade d&rsquo;entr\u00e9e du phare?Partiellement effac\u00e9 aujourd&rsquo;hui, il s&rsquo;agit d&rsquo;un rep\u00e8re de nivellement mat\u00e9rialisant l&rsquo;altitude du phare de Richard (ici, sous la forme d&rsquo;un rep\u00e8re de type Bourdalou\u00eb).Le rep\u00e8re du Phare de Richard (photo) fait parti d&rsquo;un r\u00e9seau de rep\u00e8res diss\u00e9min\u00e9s sur &hellip; <a href=\"https:\/\/phare-richard.fr\/index.php\/2024\/04\/01\/le-repere-de-nivellement-de-richard\/\" class=\"more-link\">Continuer la lecture<span class=\"screen-reader-text\"> de &laquo;&nbsp;Le rep\u00e8re de nivellement de Richard&nbsp;&raquo;<\/span><\/a><\/p>\n","protected":false},"author":4,"featured_media":0,"comment_status":"open","ping_status":"open","sticky":false,"template":"","format":"standard","meta":{"footnotes":""},"categories":[1],"tags":[],"class_list":["post-180","post","type-post","status-publish","format-standard","hentry","category-non-classe"],"_links":{"self":[{"href":"https:\/\/phare-richard.fr\/index.php\/wp-json\/wp\/v2\/posts\/180","targetHints":{"allow":["GET"]}}],"collection":[{"href":"https:\/\/phare-richard.fr\/index.php\/wp-json\/wp\/v2\/posts"}],"about":[{"href":"https:\/\/phare-richard.fr\/index.php\/wp-json\/wp\/v2\/types\/post"}],"author":[{"embeddable":true,"href":"https:\/\/phare-richard.fr\/index.php\/wp-json\/wp\/v2\/users\/4"}],"replies":[{"embeddable":true,"href":"https:\/\/phare-richard.fr\/index.php\/wp-json\/wp\/v2\/comments?post=180"}],"version-history":[{"count":6,"href":"https:\/\/phare-richard.fr\/index.php\/wp-json\/wp\/v2\/posts\/180\/revisions"}],"predecessor-version":[{"id":388,"href":"https:\/\/phare-richard.fr\/index.php\/wp-json\/wp\/v2\/posts\/180\/revisions\/388"}],"wp:attachment":[{"href":"https:\/\/phare-richard.fr\/index.php\/wp-json\/wp\/v2\/media?parent=180"}],"wp:term":[{"taxonomy":"category","embeddable":true,"href":"https:\/\/phare-richard.fr\/index.php\/wp-json\/wp\/v2\/categories?post=180"},{"taxonomy":"post_tag","embeddable":true,"href":"https:\/\/phare-richard.fr\/index.php\/wp-json\/wp\/v2\/tags?post=180"}],"curies":[{"name":"wp","href":"https:\/\/api.w.org\/{rel}","templated":true}]}}